{"id":625,"date":"2014-08-01T13:27:28","date_gmt":"2014-08-01T11:27:28","guid":{"rendered":"Liebe Schneesportfreunde,\r\n\r\nwir arbeiten gerade mit Hochdruck an der endg\u00fcltigen Version der Ausschreibung f\u00fcr die Ver\u00f6ffentlichung \u00fcber den offiziellen Weg des KuMi. Gegen Ende August sollte die Ausschreibung auf postalischem Wege versandt werden und au"},"modified":"2014-08-01T13:27:28","modified_gmt":"2014-08-01T11:27:28","slug":"ausschreibung-fuer-2015","status":"publish","type":"post","link":"https:\/\/schneesportfestival.de\/?p=625","title":{"rendered":"Ausschreibung f\u00fcr 2015"},"content":{"rendered":"<p>Liebe Schneesportfreunde,<\/p>\n<p>wir arbeiten gerade mit Hochdruck an der endg\u00fcltigen Version der Ausschreibung f\u00fcr die Ver\u00f6ffentlichung \u00fcber den offiziellen Weg des KuMi. Gegen Ende August sollte die Ausschreibung auf postalischem Wege versandt werden und auch hier auf der Webseite verf\u00fcgbar sein.<\/p>\n<p>Ihr Schneesportfestival Team.<\/p>\n","protected":false},"excerpt":{"rendered":"<p>Liebe Schneesportfreunde, wir arbeiten gerade mit Hochdruck an der endg\u00fcltigen Version der Ausschreibung f\u00fcr die Ver\u00f6ffentlichung \u00fcber den offiziellen Weg des KuMi. Gegen Ende August sollte die Ausschreibung auf postalischem Wege versandt werden und auch hier auf der Webseite verf\u00fcgbar <a class=\"more-link\" href=\"https:\/\/schneesportfestival.de\/?p=625\"><span class=\"screen-reader-text\">  Ausschreibung f\u00fcr 2015<\/span> weiterlesen<span class=\"meta-nav\">&rarr;<\/span><\/a><\/p>\n","protected":false},"author":2,"featured_media":0,"comment_status":"open","ping_status":"open","sticky":false,"template":"","format":"standard","meta":{"ngg_post_thumbnail":0,"footnotes":""},"categories":[2],"tags":[],"class_list":["post-625","post","type-post","status-publish","format-standard","hentry","category-news"],"_links":{"self":[{"href":"https:\/\/schneesportfestival.de\/index.php?rest_route=\/wp\/v2\/posts\/625","targetHints":{"allow":["GET"]}}],"collection":[{"href":"https:\/\/schneesportfestival.de\/index.php?rest_route=\/wp\/v2\/posts"}],"about":[{"href":"https:\/\/schneesportfestival.de\/index.php?rest_route=\/wp\/v2\/types\/post"}],"author":[{"embeddable":true,"href":"https:\/\/schneesportfestival.de\/index.php?rest_route=\/wp\/v2\/users\/2"}],"replies":[{"embeddable":true,"href":"https:\/\/schneesportfestival.de\/index.php?rest_route=%2Fwp%2Fv2%2Fcomments&post=625"}],"version-history":[{"count":1,"href":"https:\/\/schneesportfestival.de\/index.php?rest_route=\/wp\/v2\/posts\/625\/revisions"}],"predecessor-version":[{"id":626,"href":"https:\/\/schneesportfestival.de\/index.php?rest_route=\/wp\/v2\/posts\/625\/revisions\/626"}],"wp:attachment":[{"href":"https:\/\/schneesportfestival.de\/index.php?rest_route=%2Fwp%2Fv2%2Fmedia&parent=625"}],"wp:term":[{"taxonomy":"category","embeddable":true,"href":"https:\/\/schneesportfestival.de\/index.php?rest_route=%2Fwp%2Fv2%2Fcategories&post=625"},{"taxonomy":"post_tag","embeddable":true,"href":"https:\/\/schneesportfestival.de\/index.php?rest_route=%2Fwp%2Fv2%2Ftags&post=625"}],"curies":[{"name":"wp","href":"https:\/\/api.w.org\/{rel}","templated":true}]}}